{"id":4568,"global_id":"kv-wadelheim.de?id=4568","global_id_lineage":["kv-wadelheim.de?id=4568"],"author":"2","status":"publish","date":"2024-02-23 15:08:09","date_utc":"2024-02-23 14:08:09","modified":"2025-11-13 16:02:59","modified_utc":"2025-11-13 15:02:59","url":"https:\/\/kv-wadelheim.de\/?tribe_events=sommerfest-2024","rest_url":"https:\/\/kv-wadelheim.de\/index.php?rest_route=\/tribe\/events\/v1\/events\/4568","title":"Sommerfest 2024","description":"<p>Unser diesj\u00e4hriges Sommerfest findet am Samstag, 8. Juni 2024 statt. Der diesj\u00e4hrige Sommerfestausschuss l\u00e4dt zu einem &#8222;famili\u00e4ren Sommerfest f\u00fcr Jedermann\/jedes Alter&#8220; ein. Weitere Informationen k\u00f6nnen der beigf\u00fcgten Einladung entnommen werden.<\/p>\n<p><a href=\"https:\/\/kv-wadelheim.de\/wp-content\/uploads\/2024\/02\/KVW-Sommerfest-2024-Einladung.pdf\">KVW &#8211; Sommerfest 2024 Einladung<\/a><\/p>","excerpt":"","slug":"sommerfest-2024","image":false,"all_day":false,"start_date":"2024-06-08 15:00:00","start_date_details":{"year":"2024","month":"06","day":"08","hour":"15","minutes":"00","seconds":"00"},"end_date":"2024-06-08 22:00:00","end_date_details":{"year":"2024","month":"06","day":"08","hour":"22","minutes":"00","seconds":"00"},"utc_start_date":"2024-06-08 13:00:00","utc_start_date_details":{"year":"2024","month":"06","day":"08","hour":"13","minutes":"00","seconds":"00"},"utc_end_date":"2024-06-08 20:00:00","utc_end_date_details":{"year":"2024","month":"06","day":"08","hour":"20","minutes":"00","seconds":"00"},"timezone":"Europe\/Berlin","timezone_abbr":"CEST","cost":"","cost_details":{"currency_symbol":"\u20ac","currency_code":"USD","currency_position":"suffix","values":[]},"website":"","show_map":true,"show_map_link":true,"hide_from_listings":false,"sticky":false,"featured":false,"categories":[{"name":"Veranstaltungen","slug":"veranstaltungen","term_group":0,"term_taxonomy_id":9,"taxonomy":"tribe_events_cat","description":"","parent":0,"count":36,"filter":"raw","id":9,"urls":{"self":"https:\/\/kv-wadelheim.de\/index.php?rest_route=\/tribe\/events\/v1\/categories\/9","collection":"https:\/\/kv-wadelheim.de\/index.php?rest_route=\/tribe\/events\/v1\/categories"}}],"tags":[],"venue":{"id":5137,"author":"1","status":"publish","date":"2024-05-13 21:36:12","date_utc":"2024-05-13 19:36:12","modified":"2024-05-13 21:36:12","modified_utc":"2024-05-13 19:36:12","url":"https:\/\/kv-wadelheim.de\/?tribe_venue=jugend-und-familiendienst-rheine","venue":"Jugend- und Familiendienst Rheine","slug":"jugend-und-familiendienst-rheine","address":"Wadelheimer Chaussee 195","city":"Rheine","country":"Deutschland","zip":"48432","json_ld":{"@type":"Place","name":"Jugend- und Familiendienst Rheine","description":"","url":"","address":{"@type":"PostalAddress","streetAddress":"Wadelheimer Chaussee 195","addressLocality":"Rheine","postalCode":"48432","addressCountry":"Deutschland"},"telephone":"","sameAs":""},"show_map":true,"show_map_link":true,"global_id":"kv-wadelheim.de?id=5137","global_id_lineage":["kv-wadelheim.de?id=5137"]},"organizer":[],"custom_fields":[],"json_ld":{"@context":"http:\/\/schema.org","@type":"Event","name":"Sommerfest 2024","description":"&lt;p&gt;Unser diesj\u00e4hriges Sommerfest findet am Samstag, 8. Juni 2024 statt. Der diesj\u00e4hrige Sommerfestausschuss l\u00e4dt zu einem &quot;famili\u00e4ren Sommerfest f\u00fcr Jedermann\/jedes Alter&quot; ein. Weitere Informationen k\u00f6nnen der beigf\u00fcgten Einladung entnommen werden. KVW - Sommerfest 2024 Einladung&lt;\/p&gt;\\n","url":"https:\/\/kv-wadelheim.de\/?tribe_events=sommerfest-2024","eventAttendanceMode":"https:\/\/schema.org\/OfflineEventAttendanceMode","eventStatus":"https:\/\/schema.org\/EventScheduled","startDate":"2024-06-08T15:00:00+02:00","endDate":"2024-06-08T22:00:00+02:00","location":{"@type":"Place","name":"Jugend- und Familiendienst Rheine","description":"","url":"","address":{"@type":"PostalAddress","streetAddress":"Wadelheimer Chaussee 195","addressLocality":"Rheine","postalCode":"48432","addressCountry":"Deutschland"},"telephone":"","sameAs":""},"performer":"Organization"}}